{"id":91,"date":"2007-03-14T15:24:06","date_gmt":"2007-03-14T14:24:06","guid":{"rendered":"http:\/\/www.kodro.es\/blog\/2007\/03\/14\/%c2%bfcobrare-la-jubilacion-o-no-me-dejara-aphosis\/"},"modified":"2007-03-22T22:27:16","modified_gmt":"2007-03-22T21:27:16","slug":"%c2%bfcobrare-la-jubilacion-o-no-me-dejara-aphosis","status":"publish","type":"post","link":"https:\/\/www.kodro.es\/blog\/2007\/03\/14\/%c2%bfcobrare-la-jubilacion-o-no-me-dejara-aphosis\/","title":{"rendered":"\u00bfCobrar\u00e9 la jubilaci\u00f3n o no me dejar\u00e1 Apophis?"},"content":{"rendered":"<p><strong><em><strike>Aphosis<\/strike> Apophis <\/em><\/strong>no es ninguna enfermedad, es una piedra (asteroide) de unos <strong>250 metros de di&aacute;metro<\/strong> que de aqu&iacute; a unos a&ntilde;os, si no lo evitamos, parece ser que se va a dar una gran leche contra nuestro querido planeta azul.<\/p>\n<p>Y no lo digo yo, lo dice <strong>Pedro Duque<\/strong> que ha dejado de ir de viaje al espacio para saltar a la empresa privada con la cual pretende presentar un proyecto para <strong>salvarnos <\/strong>de tan infausto final (<em>Quijote<\/em>, <em>Sancho <\/em>e <em>Hidalgo <\/em>ser&aacute;n los encargados de hacerlo, 100% Espa&ntilde;ol).&nbsp;<\/p>\n<p>Para quitaros un poco de angustia decir que seg&uacute;n todos los c&aacute;lculos <strong><em><strike>Aphosis<\/strike> Apophis <\/em><\/strong>pasar&aacute; muy cerca de La Tierra en el <strong>2029 <\/strong>por primera vez. Cuando se dice <strong>cerca <\/strong>se refiere a que pasar&iacute;a a menor distancia de a la que orbitan nuestros sat&eacute;lites artificiales y el <strong>destrozo <\/strong>que ocasionar&iacute;a en ellos ya ser&iacute;a muy importante (adi&oacute;s a las telecomunicaciones, por ejemplo). El <em>quid <\/em>es que seg&uacute;n esos c&aacute;lculos es asteroide quedar&iacute;a <strong>atrapado <\/strong>en la gravedad terrestre y unos <strong>siete a&ntilde;os despu&eacute;s<\/strong> (2036) caer&iacute;a sobre el mar (muy probablemente) ocasionando un <em>tsunami <\/em>que dejar&iacute;a en an&eacute;cdota el del a&ntilde;o pasado en Indonesia.  <\/p>\n<p>Yo llegar&iacute;a a las 59 casta&ntilde;as&#8230; no est&aacute; mal. <\/p>\n<p>Unos enlaces para ampliar informaci&oacute;n:<\/p>\n<p><a href=\"http:\/\/www.genciencia.com\/2007\/03\/14-apophis-nuestra-extincion\" target=\"_blank\" title=\"Aphosis en Genciencia\">[La noticia en genciencia]<\/a><\/p>\n<p><a href=\"http:\/\/www.elmundo.es\/elmundo\/2007\/03\/13\/ciencia\/1173799585.html\" target=\"_blank\" title=\"Aphosis en El Mundo\">[La noticia en El Mundo]<\/a>&nbsp;<\/p>\n<p><a href=\"http:\/\/www.elmundo.es\/especiales\/2007\/03\/ciencia\/pedro_duque\/\" target=\"_blank\" title=\"Entrevista a Pedro Duque - El Mundo\">[v&iacute;deo de la entrevista a Pedro Duque]<\/a>&nbsp;<\/p>\n","protected":false},"excerpt":{"rendered":"<p>Aphosis Apophis no es ninguna enfermedad, es una piedra (asteroide) de unos 250 metros de di&aacute;metro que de aqu&iacute; a unos a&ntilde;os, si no lo evitamos, parece ser que se va a dar una gran leche contra nuestro querido planeta &hellip; <a href=\"https:\/\/www.kodro.es\/blog\/2007\/03\/14\/%c2%bfcobrare-la-jubilacion-o-no-me-dejara-aphosis\/\">Sigue leyendo <span class=\"meta-nav\">&rarr;<\/span><\/a><\/p>\n","protected":false},"author":1,"featured_media":0,"comment_status":"open","ping_status":"open","sticky":false,"template":"","format":"standard","meta":{"ngg_post_thumbnail":0,"jetpack_post_was_ever_published":false,"_jetpack_newsletter_access":"","_jetpack_dont_email_post_to_subs":false,"_jetpack_newsletter_tier_id":0,"_jetpack_memberships_contains_paywalled_content":false,"_jetpack_memberships_contains_paid_content":false,"footnotes":"","jetpack_publicize_message":"","jetpack_publicize_feature_enabled":true,"jetpack_social_post_already_shared":false,"jetpack_social_options":{"image_generator_settings":{"template":"highway","default_image_id":0,"font":"","enabled":false},"version":2}},"categories":[10],"tags":[],"class_list":["post-91","post","type-post","status-publish","format-standard","hentry","category-astronomia"],"jetpack_publicize_connections":[],"jetpack_featured_media_url":"","jetpack_shortlink":"https:\/\/wp.me\/p2PaDf-1t","jetpack_sharing_enabled":true,"jetpack-related-posts":[],"_links":{"self":[{"href":"https:\/\/www.kodro.es\/blog\/wp-json\/wp\/v2\/posts\/91","targetHints":{"allow":["GET"]}}],"collection":[{"href":"https:\/\/www.kodro.es\/blog\/wp-json\/wp\/v2\/posts"}],"about":[{"href":"https:\/\/www.kodro.es\/blog\/wp-json\/wp\/v2\/types\/post"}],"author":[{"embeddable":true,"href":"https:\/\/www.kodro.es\/blog\/wp-json\/wp\/v2\/users\/1"}],"replies":[{"embeddable":true,"href":"https:\/\/www.kodro.es\/blog\/wp-json\/wp\/v2\/comments?post=91"}],"version-history":[{"count":0,"href":"https:\/\/www.kodro.es\/blog\/wp-json\/wp\/v2\/posts\/91\/revisions"}],"wp:attachment":[{"href":"https:\/\/www.kodro.es\/blog\/wp-json\/wp\/v2\/media?parent=91"}],"wp:term":[{"taxonomy":"category","embeddable":true,"href":"https:\/\/www.kodro.es\/blog\/wp-json\/wp\/v2\/categories?post=91"},{"taxonomy":"post_tag","embeddable":true,"href":"https:\/\/www.kodro.es\/blog\/wp-json\/wp\/v2\/tags?post=91"}],"curies":[{"name":"wp","href":"https:\/\/api.w.org\/{rel}","templated":true}]}}