{"id":784,"date":"2011-07-13T17:39:56","date_gmt":"2011-07-13T16:39:56","guid":{"rendered":"http:\/\/www.kodro.es\/blog\/?p=784"},"modified":"2011-07-13T17:45:57","modified_gmt":"2011-07-13T16:45:57","slug":"ecuador-jornada-14-pululahua-mitad-del-mundo-quito","status":"publish","type":"post","link":"https:\/\/www.kodro.es\/blog\/2011\/07\/13\/ecuador-jornada-14-pululahua-mitad-del-mundo-quito\/","title":{"rendered":"Ecuador: Jornada 14. Pululahua. Mitad del mundo. Quito."},"content":{"rendered":"<div id=\"attachment_785\" style=\"width: 310px\" class=\"wp-caption alignright\"><a href=\"http:\/\/www.kodro.es\/blog\/wp-content\/images\/DSC00217.jpg\"><img loading=\"lazy\" decoding=\"async\" aria-describedby=\"caption-attachment-785\" class=\"size-medium wp-image-785\" title=\"Museo del Templo Solar\" src=\"http:\/\/www.kodro.es\/blog\/wp-content\/images\/DSC00217-300x225.jpg\" alt=\"Museo del Templo Solar\" width=\"300\" height=\"225\" srcset=\"https:\/\/www.kodro.es\/blog\/wp-content\/images\/DSC00217-300x225.jpg 300w, https:\/\/www.kodro.es\/blog\/wp-content\/images\/DSC00217-1024x768.jpg 1024w, https:\/\/www.kodro.es\/blog\/wp-content\/images\/DSC00217.jpg 2048w\" sizes=\"auto, (max-width: 300px) 100vw, 300px\" \/><\/a><p id=\"caption-attachment-785\" class=\"wp-caption-text\">Museo del Templo Solar<\/p><\/div>\n<p><strong>Viernes, 28 de Enero de 2011.<\/strong><\/p>\n<p>Amanecimos como siempre pronto para evitar los atascos y nos dirigimos hacia el <strong>Pululahua<\/strong>. Se trata de un volc\u00e1n extinto en cuyo crater viven unas 40 familias que explotan la agricultura y ganader\u00eda. No tuvimos suerte y la niebla apenas nos dej\u00f3 vislumbrar algo, una pena, pues promet\u00edan ser unas vistas maravillosas.<\/p>\n<p>Aprovechamos al fin y al cabo el desplazamiento comprando en un mercadillo cercano unas mu\u00f1ecas ($5) y visitando el <strong>Museo del Templo Solar<\/strong> ($7) a pesar de ser una instituci\u00f3n privada.<\/p>\n<div id=\"attachment_786\" style=\"width: 310px\" class=\"wp-caption alignright\"><a href=\"http:\/\/www.kodro.es\/blog\/wp-content\/images\/DSC00226.jpg\"><img loading=\"lazy\" decoding=\"async\" aria-describedby=\"caption-attachment-786\" class=\"size-medium wp-image-786\" title=\"Latitud 0\u00ba\" src=\"http:\/\/www.kodro.es\/blog\/wp-content\/images\/DSC00226-300x225.jpg\" alt=\"Latitud 0\u00ba\" width=\"300\" height=\"225\" srcset=\"https:\/\/www.kodro.es\/blog\/wp-content\/images\/DSC00226-300x225.jpg 300w, https:\/\/www.kodro.es\/blog\/wp-content\/images\/DSC00226-1024x768.jpg 1024w, https:\/\/www.kodro.es\/blog\/wp-content\/images\/DSC00226.jpg 2048w\" sizes=\"auto, (max-width: 300px) 100vw, 300px\" \/><\/a><p id=\"caption-attachment-786\" class=\"wp-caption-text\">Latitud 0\u00ba<\/p><\/div>\n<p>Estaba muy bien cuidado y en su interior ofrec\u00eda distintas exposiciones y experiencias: una muestra de <strong>pintura<\/strong>, un curioso <strong>reloj de sol<\/strong> que marcaba la hora, estaci\u00f3n y m\u00e1s cosas por la luz que pasaba por una abertura en el techo. Tambi\u00e9n pudimos hacer experimentos con <strong>olores<\/strong> de Ecuador y nos obsequiaron con la degustaci\u00f3n de la infusi\u00f3n de <em><strong>chicha<\/strong><\/em> (que me hab\u00eda dejado pendiente de probar desde que estuve con los Machacuyacu).<\/p>\n<p>Tras esto nos dirigimos a la <strong>Mitad del Mundo<\/strong>. Hicimos unas cuantas fotos ya que no siempre est\u00e1 uno sobre la l\u00ednea del ecuador (est\u00e1 pintada en el suelo para que los turistas hagan esto, est\u00e1 claro). Est\u00e1 organizado como un <strong>parque tem\u00e1tico<\/strong>, con distintos peque\u00f1os pabellones por pa\u00edses, zonas de restauraci\u00f3n y venta de recuerdos, bastante caros para los precios que se manejan aqu\u00ed.<\/p>\n<div id=\"attachment_787\" style=\"width: 235px\" class=\"wp-caption alignright\"><a href=\"http:\/\/www.kodro.es\/blog\/wp-content\/images\/DSC00235.jpg\"><img loading=\"lazy\" decoding=\"async\" aria-describedby=\"caption-attachment-787\" class=\"size-medium wp-image-787\" title=\"Mitad del Mundo\" src=\"http:\/\/www.kodro.es\/blog\/wp-content\/images\/DSC00235-e1310575166182-225x300.jpg\" alt=\"Mitad del Mundo\" width=\"225\" height=\"300\" srcset=\"https:\/\/www.kodro.es\/blog\/wp-content\/images\/DSC00235-e1310575166182-225x300.jpg 225w, https:\/\/www.kodro.es\/blog\/wp-content\/images\/DSC00235-e1310575166182-768x1024.jpg 768w, https:\/\/www.kodro.es\/blog\/wp-content\/images\/DSC00235-e1310575166182.jpg 1536w\" sizes=\"auto, (max-width: 225px) 100vw, 225px\" \/><\/a><p id=\"caption-attachment-787\" class=\"wp-caption-text\">Mitad del Mundo<\/p><\/div>\n<p>Aprovech\u00e9 tambi\u00e9n la cercan\u00eda para visitar otro museo, el <strong>Inti \u00d1an<\/strong> ($3). Es muy interesante ya que en \u00e9l muestran los distintos modos de vida y costumbres de las distintas comunidades ecuatorianas. Amaz\u00f3nicas, Andinas, etc., as\u00ed como fauna y flora de todo el pa\u00eds.<\/p>\n<p>Llama la atenci\u00f3n los <strong>Uskuar<\/strong> (similares a los J\u00edbaros) que practican la reducci\u00f3n de cabezas. En el museo tambi\u00e9n se ofrecen distintos experimentos (m\u00e1s o menos cient\u00edficos) de la particularidad de estar sobre la l\u00ednea ecuatorial.<\/p>\n<p>Para rematar el d\u00eda fuimos a un <strong>centro comercial<\/strong> donde Ceci ten\u00eda que hacer ciertas gestiones en los bancos. Estuve curioseando camisetas de f\u00fatbol y ropa de deporte pero la calidad no era destacable y los precios se asemejaban bastante a los europeos por lo que no me interesaron.<\/p>\n<p>Pas\u00e9 el resto de la jornada de <strong>relax<\/strong>. Vimos una de Bruce Willis en un DVD que trajo el hermano de Ceci a casa&#8230; memorable el acento ecuatoriano del bueno de Bruce acostumbrado a oirlo en castellano siempre con la misma voz.<\/p>\n<p>Antes de cenar sal\u00ed a dar un paseo, aprovechando para confirmar en internet ($0,40) los datos del viaje de vuelta, vuelo y dem\u00e1s. Cenamos <em><strong>encocado<\/strong><\/em> (pescado con ralladura de coco) y charlamos hasta que ca\u00edmos rendidos. Mi \u00faltima noche de sue\u00f1o ecuatoriano.<\/p>\n","protected":false},"excerpt":{"rendered":"<p>Viernes, 28 de Enero de 2011. Amanecimos como siempre pronto para evitar los atascos y nos dirigimos hacia el Pululahua. Se trata de un volc\u00e1n extinto en cuyo crater viven unas 40 familias que explotan la agricultura y ganader\u00eda. No &hellip; <a href=\"https:\/\/www.kodro.es\/blog\/2011\/07\/13\/ecuador-jornada-14-pululahua-mitad-del-mundo-quito\/\">Sigue leyendo <span class=\"meta-nav\">&rarr;<\/span><\/a><\/p>\n","protected":false},"author":1,"featured_media":0,"comment_status":"open","ping_status":"open","sticky":false,"template":"","format":"standard","meta":{"ngg_post_thumbnail":0,"jetpack_post_was_ever_published":false,"_jetpack_newsletter_access":"","_jetpack_dont_email_post_to_subs":false,"_jetpack_newsletter_tier_id":0,"_jetpack_memberships_contains_paywalled_content":false,"_jetpack_memberships_contains_paid_content":false,"footnotes":"","jetpack_publicize_message":"","jetpack_publicize_feature_enabled":true,"jetpack_social_post_already_shared":false,"jetpack_social_options":{"image_generator_settings":{"template":"highway","default_image_id":0,"font":"","enabled":false},"version":2}},"categories":[58,11],"tags":[59],"class_list":["post-784","post","type-post","status-publish","format-standard","hentry","category-ecuador","category-viajes","tag-ecuador-2"],"jetpack_publicize_connections":[],"jetpack_featured_media_url":"","jetpack_shortlink":"https:\/\/wp.me\/p2PaDf-cE","jetpack_sharing_enabled":true,"jetpack-related-posts":[],"_links":{"self":[{"href":"https:\/\/www.kodro.es\/blog\/wp-json\/wp\/v2\/posts\/784","targetHints":{"allow":["GET"]}}],"collection":[{"href":"https:\/\/www.kodro.es\/blog\/wp-json\/wp\/v2\/posts"}],"about":[{"href":"https:\/\/www.kodro.es\/blog\/wp-json\/wp\/v2\/types\/post"}],"author":[{"embeddable":true,"href":"https:\/\/www.kodro.es\/blog\/wp-json\/wp\/v2\/users\/1"}],"replies":[{"embeddable":true,"href":"https:\/\/www.kodro.es\/blog\/wp-json\/wp\/v2\/comments?post=784"}],"version-history":[{"count":4,"href":"https:\/\/www.kodro.es\/blog\/wp-json\/wp\/v2\/posts\/784\/revisions"}],"predecessor-version":[{"id":789,"href":"https:\/\/www.kodro.es\/blog\/wp-json\/wp\/v2\/posts\/784\/revisions\/789"}],"wp:attachment":[{"href":"https:\/\/www.kodro.es\/blog\/wp-json\/wp\/v2\/media?parent=784"}],"wp:term":[{"taxonomy":"category","embeddable":true,"href":"https:\/\/www.kodro.es\/blog\/wp-json\/wp\/v2\/categories?post=784"},{"taxonomy":"post_tag","embeddable":true,"href":"https:\/\/www.kodro.es\/blog\/wp-json\/wp\/v2\/tags?post=784"}],"curies":[{"name":"wp","href":"https:\/\/api.w.org\/{rel}","templated":true}]}}