{"id":778,"date":"2011-07-13T16:43:33","date_gmt":"2011-07-13T15:43:33","guid":{"rendered":"http:\/\/www.kodro.es\/blog\/?p=778"},"modified":"2011-07-13T17:59:45","modified_gmt":"2011-07-13T16:59:45","slug":"ecuador-jornada-13-san-antonio-de-ibarra-cotocachi-lagunas-de-cuicocha-otavalo","status":"publish","type":"post","link":"https:\/\/www.kodro.es\/blog\/2011\/07\/13\/ecuador-jornada-13-san-antonio-de-ibarra-cotocachi-lagunas-de-cuicocha-otavalo\/","title":{"rendered":"Ecuador: Jornada 13. San Antonio de Ibarra. Cotocachi. Lagunas de Cuicocha. Otavalo."},"content":{"rendered":"<div id=\"attachment_779\" style=\"width: 310px\" class=\"wp-caption alignright\"><a href=\"http:\/\/www.kodro.es\/blog\/wp-content\/images\/DSC00201.jpg\"><img loading=\"lazy\" decoding=\"async\" aria-describedby=\"caption-attachment-779\" class=\"size-medium wp-image-779\" title=\"Laguna de Cuicocha\" src=\"http:\/\/www.kodro.es\/blog\/wp-content\/images\/DSC00201-300x225.jpg\" alt=\"Laguna de Cuicocha\" width=\"300\" height=\"225\" srcset=\"https:\/\/www.kodro.es\/blog\/wp-content\/images\/DSC00201-300x225.jpg 300w, https:\/\/www.kodro.es\/blog\/wp-content\/images\/DSC00201-1024x768.jpg 1024w, https:\/\/www.kodro.es\/blog\/wp-content\/images\/DSC00201.jpg 2048w\" sizes=\"auto, (max-width: 300px) 100vw, 300px\" \/><\/a><p id=\"caption-attachment-779\" class=\"wp-caption-text\">Laguna de Cuicocha<\/p><\/div>\n<p><strong>Jueves, 27 de Enero de 2011.<\/strong><\/p>\n<p>Aunque he dormido en cama c\u00f3moda y a muchos kil\u00f3metros del Amazonas juro por lo m\u00e1s sagrado que yo sigo viendo <strong>bichos<\/strong> a mi alrededor. Puede que sean los <strong>efectos secundarios<\/strong> del Malarone.<\/p>\n<p>Nos levantamos y nos ponemos en marcha a las 7 AM ya que en Quito se montan atascos sobre las 8 AM y nos dirigimos a San Antonio, hacia el norte.<\/p>\n<p>En <strong>San Antonio de Ibarra<\/strong> impresiona la calidad y cantidad de <strong>artesan\u00eda<\/strong> en <strong>madera<\/strong>. Hay aut\u00e9nticos murales de unos diez metros cuadrados por $1000 que seguro que llevan varias semanas de trabajo. Aqu\u00ed, el regateo est\u00e1 a la orden del d\u00eda, f\u00e1cilmente consigues unos descuentos del 40% del precio inicial. A\u00fan as\u00ed me dejo unos $50 en compras.<\/p>\n<div id=\"attachment_780\" style=\"width: 310px\" class=\"wp-caption alignright\"><a href=\"http:\/\/www.kodro.es\/blog\/wp-content\/images\/DSC00202.jpg\"><img loading=\"lazy\" decoding=\"async\" aria-describedby=\"caption-attachment-780\" class=\"size-medium wp-image-780\" title=\"Laguna de Cuicocha\" src=\"http:\/\/www.kodro.es\/blog\/wp-content\/images\/DSC00202-300x225.jpg\" alt=\"Laguna de Cuicocha\" width=\"300\" height=\"225\" srcset=\"https:\/\/www.kodro.es\/blog\/wp-content\/images\/DSC00202-300x225.jpg 300w, https:\/\/www.kodro.es\/blog\/wp-content\/images\/DSC00202-1024x768.jpg 1024w, https:\/\/www.kodro.es\/blog\/wp-content\/images\/DSC00202.jpg 2048w\" sizes=\"auto, (max-width: 300px) 100vw, 300px\" \/><\/a><p id=\"caption-attachment-780\" class=\"wp-caption-text\">Laguna de Cuicocha<\/p><\/div>\n<p>Despu\u00e9s de adquirir unos cuantos recuerdos vamos a <strong>Cotocahi<\/strong>. En este pueblo lo que destaca es el trabajo en <strong>cuero<\/strong>, en la calle huele a piel trabajada. Hay cazadoras bien curtidas por $80. L\u00e1stima que el presupuesto de mi viaje no da para esos lujos ya \ud83d\ude42<\/p>\n<p>Despu\u00e9s de terminar las visitas tur\u00edstico-comerciales nos dirigimos a las <strong>Lagunas de Cuicocha<\/strong>. No son tan bonitas como las de Quilotoa porque no tienen esa vista espectacular desde el alto. Reciben el nombre porque tienen unas islas en medio que recuerdan la forma de un \u00abCuy\u00bb (cobaya). Visitamos el centro de interpretaci\u00f3n de las lagunas pero no est\u00e1 apenas cuidado y no hay nadie que lo regente.<\/p>\n<p>Para comer ($12) nos acercamos a <strong>Otavalo<\/strong> (\u00abMi Otavalito\u00bb). En esta regi\u00f3n los varones visten de blanco y negro y jam\u00e1s se cortan la coleta. En el pueblo hay siempre un mercado de artesan\u00eda, baratijas y ropa. Apuro mis \u00faltimos d\u00f3lares ($30) comprando los \u00faltimos recuerdos que llevar de vuelta a Espa\u00f1a.<\/p>\n<div id=\"attachment_781\" style=\"width: 310px\" class=\"wp-caption alignright\"><a href=\"http:\/\/www.kodro.es\/blog\/wp-content\/images\/DSC00209.jpg\"><img loading=\"lazy\" decoding=\"async\" aria-describedby=\"caption-attachment-781\" class=\"size-medium wp-image-781\" title=\"Quito\" src=\"http:\/\/www.kodro.es\/blog\/wp-content\/images\/DSC00209-300x225.jpg\" alt=\"Quito\" width=\"300\" height=\"225\" srcset=\"https:\/\/www.kodro.es\/blog\/wp-content\/images\/DSC00209-300x225.jpg 300w, https:\/\/www.kodro.es\/blog\/wp-content\/images\/DSC00209-1024x768.jpg 1024w, https:\/\/www.kodro.es\/blog\/wp-content\/images\/DSC00209.jpg 2048w\" sizes=\"auto, (max-width: 300px) 100vw, 300px\" \/><\/a><p id=\"caption-attachment-781\" class=\"wp-caption-text\">Quito<\/p><\/div>\n<p>Empieza a llover y oscurece r\u00e1pidamente as\u00ed que volvemos a Quito. Ya en casa de Ceci jugamos a los <strong>naipes<\/strong>. A <em><strong>\u00abel 40\u00bb<\/strong><\/em> y al <strong><em>\u00abru\u00f1i\u00bb<\/em><\/strong> que recuerdan juegos espa\u00f1oles pero con sus particuliaridades, por cierto, imbatido al 40 \ud83d\ude42<\/p>\n<p>A \u00faltima hora vemos las noticias (en la tele casi todo son telenovelas o sucesos): acaban de multar a un autobusero m\u00e1s por exceso de viajeros. At\u00f3nito veo como ante las c\u00e1maras el <strong>autobusero<\/strong> rompe la multa delante del policia.<\/p>\n<p><strong>Llueve<\/strong> durante toda la noche, as\u00ed que cruzamos los dedos para que ma\u00f1ana haga mejor d\u00eda y pueda aprovechar mi \u00faltima jornada tur\u00edstica por <strong>Ecuador<\/strong>.<\/p>\n","protected":false},"excerpt":{"rendered":"<p>Jueves, 27 de Enero de 2011. Aunque he dormido en cama c\u00f3moda y a muchos kil\u00f3metros del Amazonas juro por lo m\u00e1s sagrado que yo sigo viendo bichos a mi alrededor. Puede que sean los efectos secundarios del Malarone. Nos &hellip; <a href=\"https:\/\/www.kodro.es\/blog\/2011\/07\/13\/ecuador-jornada-13-san-antonio-de-ibarra-cotocachi-lagunas-de-cuicocha-otavalo\/\">Sigue leyendo <span class=\"meta-nav\">&rarr;<\/span><\/a><\/p>\n","protected":false},"author":1,"featured_media":0,"comment_status":"open","ping_status":"open","sticky":false,"template":"","format":"standard","meta":{"ngg_post_thumbnail":0,"jetpack_post_was_ever_published":false,"_jetpack_newsletter_access":"","_jetpack_dont_email_post_to_subs":false,"_jetpack_newsletter_tier_id":0,"_jetpack_memberships_contains_paywalled_content":false,"_jetpack_memberships_contains_paid_content":false,"footnotes":"","jetpack_publicize_message":"","jetpack_publicize_feature_enabled":true,"jetpack_social_post_already_shared":false,"jetpack_social_options":{"image_generator_settings":{"template":"highway","default_image_id":0,"font":"","enabled":false},"version":2}},"categories":[58,11],"tags":[60,61,59,62],"class_list":["post-778","post","type-post","status-publish","format-standard","hentry","category-ecuador","category-viajes","tag-cotocachi","tag-cuicocha","tag-ecuador-2","tag-otavalo"],"jetpack_publicize_connections":[],"jetpack_featured_media_url":"","jetpack_shortlink":"https:\/\/wp.me\/p2PaDf-cy","jetpack_sharing_enabled":true,"jetpack-related-posts":[],"_links":{"self":[{"href":"https:\/\/www.kodro.es\/blog\/wp-json\/wp\/v2\/posts\/778","targetHints":{"allow":["GET"]}}],"collection":[{"href":"https:\/\/www.kodro.es\/blog\/wp-json\/wp\/v2\/posts"}],"about":[{"href":"https:\/\/www.kodro.es\/blog\/wp-json\/wp\/v2\/types\/post"}],"author":[{"embeddable":true,"href":"https:\/\/www.kodro.es\/blog\/wp-json\/wp\/v2\/users\/1"}],"replies":[{"embeddable":true,"href":"https:\/\/www.kodro.es\/blog\/wp-json\/wp\/v2\/comments?post=778"}],"version-history":[{"count":3,"href":"https:\/\/www.kodro.es\/blog\/wp-json\/wp\/v2\/posts\/778\/revisions"}],"predecessor-version":[{"id":783,"href":"https:\/\/www.kodro.es\/blog\/wp-json\/wp\/v2\/posts\/778\/revisions\/783"}],"wp:attachment":[{"href":"https:\/\/www.kodro.es\/blog\/wp-json\/wp\/v2\/media?parent=778"}],"wp:term":[{"taxonomy":"category","embeddable":true,"href":"https:\/\/www.kodro.es\/blog\/wp-json\/wp\/v2\/categories?post=778"},{"taxonomy":"post_tag","embeddable":true,"href":"https:\/\/www.kodro.es\/blog\/wp-json\/wp\/v2\/tags?post=778"}],"curies":[{"name":"wp","href":"https:\/\/api.w.org\/{rel}","templated":true}]}}