{"id":765,"date":"2011-07-06T09:44:20","date_gmt":"2011-07-06T08:44:20","guid":{"rendered":"http:\/\/www.kodro.es\/blog\/?p=765"},"modified":"2011-07-13T18:00:22","modified_gmt":"2011-07-13T17:00:22","slug":"ecuador-jornada-11-comunidad-machacuyacu","status":"publish","type":"post","link":"https:\/\/www.kodro.es\/blog\/2011\/07\/06\/ecuador-jornada-11-comunidad-machacuyacu\/","title":{"rendered":"Ecuador: Jornada 11. Comunidad Machacuyacu."},"content":{"rendered":"<div id=\"attachment_767\" style=\"width: 235px\" class=\"wp-caption alignright\"><a href=\"http:\/\/www.kodro.es\/blog\/wp-content\/images\/DSC00182.jpg\"><img loading=\"lazy\" decoding=\"async\" aria-describedby=\"caption-attachment-767\" class=\"size-medium wp-image-767\" title=\"Bamb\u00fa amaz\u00f3nico\" src=\"http:\/\/www.kodro.es\/blog\/wp-content\/images\/DSC00182-e1309941069780-225x300.jpg\" alt=\"Bamb\u00fa amaz\u00f3nico\" width=\"225\" height=\"300\" srcset=\"https:\/\/www.kodro.es\/blog\/wp-content\/images\/DSC00182-e1309941069780-225x300.jpg 225w, https:\/\/www.kodro.es\/blog\/wp-content\/images\/DSC00182-e1309941069780-768x1024.jpg 768w, https:\/\/www.kodro.es\/blog\/wp-content\/images\/DSC00182-e1309941069780.jpg 1536w\" sizes=\"auto, (max-width: 225px) 100vw, 225px\" \/><\/a><p id=\"caption-attachment-767\" class=\"wp-caption-text\">Bamb\u00fa amaz\u00f3nico<\/p><\/div>\n<p><strong>Martes, 25 de Enero de 2011.<\/strong><\/p>\n<p>Nada m\u00e1s amanecer (\u00bfser\u00e1n las seis de la ma\u00f1ana?) oigo ya traj\u00edn en la cocina, en mi habitaci\u00f3n ya lo hubo, de alguna manera se me col\u00f3 un <strong>murci\u00e9lago<\/strong> que estuvo un buen rato dando vueltas.<\/p>\n<p>La <strong>mujer<\/strong> de Daniel (aunque est\u00e1 mellada y con la piel castigada no parece contar con m\u00e1s de 35 a\u00f1os), con el ni\u00f1o m\u00e1s peque\u00f1o en una especie de zurr\u00f3n amarrado a la espalda (y embarazada del quinto) nos prepara un rico desayuno a base de yuca frita, tortilla y <em>pancakes<\/em>. Aqu\u00ed las <strong>mujeres<\/strong> hacen las tareas de la cocina y la casa, la preparaci\u00f3n de la <em>\u00abchicha\u00bb<\/em>, se encargan del cuidado de los ni\u00f1os y de parte del cultivo de las tierras. Los <strong>hombres<\/strong> creo que hacen el resto, si es que queda algo, y las tareas donde la fuerza f\u00edsica impera (construcci\u00f3n de caba\u00f1as, poda, recolecci\u00f3n, etc.).<\/p>\n<div id=\"attachment_768\" style=\"width: 235px\" class=\"wp-caption alignright\"><a href=\"http:\/\/www.kodro.es\/blog\/wp-content\/images\/DSC00184.jpg\"><img loading=\"lazy\" decoding=\"async\" aria-describedby=\"caption-attachment-768\" class=\"size-medium wp-image-768\" title=\"Vegetaci\u00f3n amaz\u00f3nica\" src=\"http:\/\/www.kodro.es\/blog\/wp-content\/images\/DSC00184-e1309941303206-225x300.jpg\" alt=\"Vegetaci\u00f3n amaz\u00f3nica\" width=\"225\" height=\"300\" srcset=\"https:\/\/www.kodro.es\/blog\/wp-content\/images\/DSC00184-e1309941303206-225x300.jpg 225w, https:\/\/www.kodro.es\/blog\/wp-content\/images\/DSC00184-e1309941303206-768x1024.jpg 768w, https:\/\/www.kodro.es\/blog\/wp-content\/images\/DSC00184-e1309941303206.jpg 1536w\" sizes=\"auto, (max-width: 225px) 100vw, 225px\" \/><\/a><p id=\"caption-attachment-768\" class=\"wp-caption-text\">Vegetaci\u00f3n amaz\u00f3nica<\/p><\/div>\n<p>Daniel me facilita unas botas de agua (al menos de cuatro n\u00fameros mayores que mi pi\u00e9, aqu\u00ed no hay para elegir) que son necesarias para nuestro primer paseo por la <strong>selva<\/strong>. Vamos a visitar unas <strong>cuevas<\/strong> donde los \u00ab<em>chamanes<\/em>\u00bb se comunican con los esp\u00edritus.<\/p>\n<p>El camino es duro, a cada paso se descubren cientos de nuevos bichos. El calor y la humedad (supongo que te haces cuando no has estado en otro sitio que no sea aqu\u00ed) agotan.<\/p>\n<p>Despu\u00e9s de casi una hora de caminata llegamos a un <strong>agujero<\/strong> en el suelo. Ahora mismo no sabr\u00eda volver al poblado. En la selva no hay caminos marcados, ni referencias que tomar. Todo es vegetaci\u00f3n, bamb\u00fa, verde&#8230;<\/p>\n<p>Cabe apenas una persona por la entrada y una vez andados tres o cuatro metros la <strong>oscuridad<\/strong> es ya total. A los diez metros la linterna es imprescindible. Daniel enfoca a sus pies y luego hacia atr\u00e1s para que yo pueda orientarme. De vez en cuando la luz rebota en la pared y se ven <strong>ara\u00f1as<\/strong> del tama\u00f1o de mi mano. Dice que son inofensivas (da igual, no las pienso tocar), igual que los <strong>murci\u00e9lagos<\/strong> que a cada poco vuelan rasantes por nuestras cabezas. Llegamos al final de la cueva, hay una <strong>estalagtitas<\/strong> y <strong>estalagmitas<\/strong> a las que han puesto nombre (en quichua). En este lugar, los chamanes, despu\u00e9s de tomar <strong>ayahuasca<\/strong>, obtenido de raices de plantas y lianas, son capaces de ver en la oscuridad y comunicarse con los esp\u00edritus (alucionaciones de muchos kilates).<\/p>\n<div id=\"attachment_769\" style=\"width: 235px\" class=\"wp-caption alignright\"><a href=\"http:\/\/www.kodro.es\/blog\/wp-content\/images\/DSC00188.jpg\"><img loading=\"lazy\" decoding=\"async\" aria-describedby=\"caption-attachment-769\" class=\"size-medium wp-image-769\" title=\"Vegetaci\u00f3n amaz\u00f3nica\" src=\"http:\/\/www.kodro.es\/blog\/wp-content\/images\/DSC00188-e1309941629951-225x300.jpg\" alt=\"Vegetaci\u00f3n amaz\u00f3nica\" width=\"225\" height=\"300\" srcset=\"https:\/\/www.kodro.es\/blog\/wp-content\/images\/DSC00188-e1309941629951-225x300.jpg 225w, https:\/\/www.kodro.es\/blog\/wp-content\/images\/DSC00188-e1309941629951-768x1024.jpg 768w, https:\/\/www.kodro.es\/blog\/wp-content\/images\/DSC00188-e1309941629951.jpg 1536w\" sizes=\"auto, (max-width: 225px) 100vw, 225px\" \/><\/a><p id=\"caption-attachment-769\" class=\"wp-caption-text\">Vegetaci\u00f3n amaz\u00f3nica<\/p><\/div>\n<p>Tiene que ser una esperiencia \u00fanica participar en una sesi\u00f3n de esas, pero yo no tengo valor ni ganas. Volvemos al poblado para comer (sopa de yuca y arroz) y echar una siesta reparadora. Por el camino hablamos de la diferencia de <strong>culturas<\/strong>. Le cuento que vivo en un piso, en una sexta altura, rodeado de otros pisos con igual o m\u00e1s altura. La cara es de total asombro, no concibe que la gente viva api\u00f1ada habiendo tanta tierra&#8230; \u00bfy d\u00f3nde cultivamos nuestra comida?<\/p>\n<p>Para por la tarde, Daniel ha preparado una visita a su <strong>madre<\/strong>. Es la <strong>partera<\/strong> de una comunidad vecina. Al parecer hay varias comunidades, separadas entre uno y dos kil\u00f3metros cada una. Entre la densa vegetaci\u00f3n no se ven unas a otras, aqu\u00ed no hay tel\u00e9fono ni nada por el estilo, as\u00ed que se visitan a menudo.<\/p>\n<p>Me han preparado unas <strong>hierbas<\/strong> para que haga vahos. En teor\u00eda me van a quitar el dolor de cabeza (yo creo que es del calor) y me va a \u00ablimpiar\u00bb. No s\u00e9 si ser\u00e1n las plantas (una mezcla de varios tipos de hojas y ra\u00edces medicinales), el vapor de agua hirbiendo o los treinta y pico grados que ya har\u00e1 sin estar haciendo vahos o los dos litros que sudo durante la \u00absesi\u00f3n\u00bb, pero al terminar me siento <strong>relajad\u00edsimo<\/strong>. Necesito al menos diez minutos para poderme incorporar. Una pasada. Despu\u00e9s me explican para qu\u00e9 usan cada una de las <strong>plantas<\/strong> medicinales que tienen por all\u00ed. Las hay para el dolor, para el coraz\u00f3n, para dormir, abortivas, anticonceptivas&#8230; impresionante la sabidur\u00eda de generaci\u00f3n en generaci\u00f3n ya que no hay conocimiento escrito ni documentado.<\/p>\n<p>De regreso a la comunidad hago la colada, mientras tiendo la ropa una <strong>avispa<\/strong> se ensa\u00f1a conmigo pero Daniel ya tiene la <strong>planta<\/strong> indicada para alibiar las picaduras, parece que ha adquirido ciertos conocimientos de su madre.<\/p>\n<div id=\"attachment_770\" style=\"width: 310px\" class=\"wp-caption alignright\"><a href=\"http:\/\/www.kodro.es\/blog\/wp-content\/images\/DSC00190.jpg\"><img loading=\"lazy\" decoding=\"async\" aria-describedby=\"caption-attachment-770\" class=\"size-medium wp-image-770\" title=\"Machacuyacu\" src=\"http:\/\/www.kodro.es\/blog\/wp-content\/images\/DSC00190-300x225.jpg\" alt=\"Machacuyacu\" width=\"300\" height=\"225\" srcset=\"https:\/\/www.kodro.es\/blog\/wp-content\/images\/DSC00190-300x225.jpg 300w, https:\/\/www.kodro.es\/blog\/wp-content\/images\/DSC00190-1024x768.jpg 1024w, https:\/\/www.kodro.es\/blog\/wp-content\/images\/DSC00190.jpg 2048w\" sizes=\"auto, (max-width: 300px) 100vw, 300px\" \/><\/a><p id=\"caption-attachment-770\" class=\"wp-caption-text\">Machacuyacu<\/p><\/div>\n<p>Me quedan unas pocas horas con los <strong>Machacuyacu<\/strong>. Daniel tiene tareas que hacer as\u00ed que voy al poblado y juego con los ni\u00f1os en unos columpios que seguramente hayan sido financiados por otros turistas que, como yo, han visitado a los Machacuyacu desde alg\u00fan lugar del mundo que llamamos <strong>civilizado<\/strong> y avanzado. Estos ni\u00f1os son increiblemente <strong>felices<\/strong>, lo dicen sus caras y sus risas y carcajadas mientras empujo a unos en los columpios y lanzo a otros plantas con raices y tierra. No tienen internet, ni videoconsolas, ni televisi\u00f3n, ni radio, ni un bal\u00f3n, ni una peonza, ni unos zapatos&#8230; tampoco parecen echarlos en falta.<\/p>\n<p>Cuando oscurece, los hermanos mayores, de unos diez a\u00f1os, se hacen cargo de los peque\u00f1os y los llevan a casa. La mujer de Daniel ya est\u00e1 preparando la cena y \u00e9ste ha cogido la <strong>guitarra<\/strong> para cantar algunas canciones en quichua. No aguanto mucho de la <strong>velada<\/strong>. La jornada ha sido dura y supongo que con un grupo de turistas numeroso el tema ser\u00e1 m\u00e1s animado. Prefiero descansar para aprovechar lo m\u00e1s posible la estancia en este tierra y ma\u00f1ana me queda un largo viaje de nuevo a <strong>Quito<\/strong>.<\/p>\n","protected":false},"excerpt":{"rendered":"<p>Martes, 25 de Enero de 2011. Nada m\u00e1s amanecer (\u00bfser\u00e1n las seis de la ma\u00f1ana?) oigo ya traj\u00edn en la cocina, en mi habitaci\u00f3n ya lo hubo, de alguna manera se me col\u00f3 un murci\u00e9lago que estuvo un buen rato &hellip; <a href=\"https:\/\/www.kodro.es\/blog\/2011\/07\/06\/ecuador-jornada-11-comunidad-machacuyacu\/\">Sigue leyendo <span class=\"meta-nav\">&rarr;<\/span><\/a><\/p>\n","protected":false},"author":1,"featured_media":0,"comment_status":"open","ping_status":"open","sticky":false,"template":"","format":"standard","meta":{"ngg_post_thumbnail":0,"jetpack_post_was_ever_published":false,"_jetpack_newsletter_access":"","_jetpack_dont_email_post_to_subs":false,"_jetpack_newsletter_tier_id":0,"_jetpack_memberships_contains_paywalled_content":false,"_jetpack_memberships_contains_paid_content":false,"footnotes":"","jetpack_publicize_message":"","jetpack_publicize_feature_enabled":true,"jetpack_social_post_already_shared":false,"jetpack_social_options":{"image_generator_settings":{"template":"highway","default_image_id":0,"font":"","enabled":false},"version":2}},"categories":[58,11],"tags":[65,59,66],"class_list":["post-765","post","type-post","status-publish","format-standard","hentry","category-ecuador","category-viajes","tag-amazonas","tag-ecuador-2","tag-machacuyacu"],"jetpack_publicize_connections":[],"jetpack_featured_media_url":"","jetpack_shortlink":"https:\/\/wp.me\/p2PaDf-cl","jetpack_sharing_enabled":true,"jetpack-related-posts":[],"_links":{"self":[{"href":"https:\/\/www.kodro.es\/blog\/wp-json\/wp\/v2\/posts\/765","targetHints":{"allow":["GET"]}}],"collection":[{"href":"https:\/\/www.kodro.es\/blog\/wp-json\/wp\/v2\/posts"}],"about":[{"href":"https:\/\/www.kodro.es\/blog\/wp-json\/wp\/v2\/types\/post"}],"author":[{"embeddable":true,"href":"https:\/\/www.kodro.es\/blog\/wp-json\/wp\/v2\/users\/1"}],"replies":[{"embeddable":true,"href":"https:\/\/www.kodro.es\/blog\/wp-json\/wp\/v2\/comments?post=765"}],"version-history":[{"count":4,"href":"https:\/\/www.kodro.es\/blog\/wp-json\/wp\/v2\/posts\/765\/revisions"}],"predecessor-version":[{"id":772,"href":"https:\/\/www.kodro.es\/blog\/wp-json\/wp\/v2\/posts\/765\/revisions\/772"}],"wp:attachment":[{"href":"https:\/\/www.kodro.es\/blog\/wp-json\/wp\/v2\/media?parent=765"}],"wp:term":[{"taxonomy":"category","embeddable":true,"href":"https:\/\/www.kodro.es\/blog\/wp-json\/wp\/v2\/categories?post=765"},{"taxonomy":"post_tag","embeddable":true,"href":"https:\/\/www.kodro.es\/blog\/wp-json\/wp\/v2\/tags?post=765"}],"curies":[{"name":"wp","href":"https:\/\/api.w.org\/{rel}","templated":true}]}}