{"id":756,"date":"2011-07-05T17:07:08","date_gmt":"2011-07-05T16:07:08","guid":{"rendered":"http:\/\/www.kodro.es\/blog\/?p=756"},"modified":"2011-07-13T18:00:33","modified_gmt":"2011-07-13T17:00:33","slug":"ecuador-jornada-10-tena-mushualli-comunidad-machacuyacu","status":"publish","type":"post","link":"https:\/\/www.kodro.es\/blog\/2011\/07\/05\/ecuador-jornada-10-tena-mushualli-comunidad-machacuyacu\/","title":{"rendered":"Ecuador: Jornada 10. Tena. Mushualli. Comunidad Machacuyacu."},"content":{"rendered":"<p><strong>Lunes, 24 de Enero de 2011.<\/strong><\/p>\n<p>El calor, la humedad (ha llovido de madrugada) y sobre todo mi particular apego al jet-lag hace que est\u00e9 con los ojos abiertos a las 6,30h de la ma\u00f1ana. Desayuno muy bien en un establecimiento cercano al hotel ($2) y despu\u00e9s de recoger los b\u00e1rtulos me doy una vuelta por el pueblo de Tena para valorar las distintas alternativas disponibles para adentrarme en el <strong>Amazonas<\/strong> como turista.<\/p>\n<p>Al final me seduce el<strong> turismo comunitario<\/strong>, a pesar de ser la alternativa m\u00e1s cara (aunque re-negociada de $160 a<strong> $100<\/strong>). Incluye tres d\u00edas y dos noches con sus excursiones, transporte, comidas y alojamiento&#8230; est\u00e1 muy bien.<\/p>\n<div id=\"attachment_757\" style=\"width: 310px\" class=\"wp-caption alignright\"><a href=\"http:\/\/www.kodro.es\/blog\/wp-content\/images\/DSC00178.jpg\"><img loading=\"lazy\" decoding=\"async\" aria-describedby=\"caption-attachment-757\" class=\"size-medium wp-image-757 \" title=\"Monos en Mashualli\" src=\"http:\/\/www.kodro.es\/blog\/wp-content\/images\/DSC00178-300x225.jpg\" alt=\"Monos en Mashualli\" width=\"300\" height=\"225\" srcset=\"https:\/\/www.kodro.es\/blog\/wp-content\/images\/DSC00178-300x225.jpg 300w, https:\/\/www.kodro.es\/blog\/wp-content\/images\/DSC00178-1024x768.jpg 1024w, https:\/\/www.kodro.es\/blog\/wp-content\/images\/DSC00178.jpg 2048w\" sizes=\"auto, (max-width: 300px) 100vw, 300px\" \/><\/a><p id=\"caption-attachment-757\" class=\"wp-caption-text\">Monos en Mashualli<\/p><\/div>\n<p>El turismo comunitario lo gestiona gente del pueblo de <strong>Tena<\/strong> asociados con las comunidades <strong>ind\u00edgenas<\/strong> del Amazonas. El dinero que se recibe de \u00e9l se reinvierte en comodidades para las comunidades (Luz, ropa, material escolar, salubridad del agua,&#8230;)<\/p>\n<p>Esta parte del Amazonas es alta y, en teor\u00eda, no hay riesgo de <strong>malaria<\/strong> y no deber\u00eda haber mosquitos. Yo, sin embargo, me embadurno de repelente y apesto como si fuera <em>Bar\u00f3n Dandy<\/em>.<\/p>\n<p>Me asignan un gu\u00eda, un ind\u00edgena de la comunidad. Van rotando seg\u00fan est\u00e1n disponibles y los asignan a los turistas que los demandan en cada momento. Cogemos el bus y nos dirigimos a <strong>Mashualli<\/strong> donde haremos escala antes de dirigirnos al poblado. All\u00ed hay que tener cuidado con los <strong>monos<\/strong>, son muy p\u00edcaros y roban y agreden a los turistas. Despu\u00e9s de comer (trucha con arroz) damos un paseo en <strong>barcaza<\/strong> por el R\u00edo Tena y visitamos unas tierras sagradas con grandes rocas donde tienen un centro de turismo comunitario un poco abandonado.<\/p>\n<div id=\"attachment_758\" style=\"width: 310px\" class=\"wp-caption alignright\"><a href=\"http:\/\/www.kodro.es\/blog\/wp-content\/images\/DSC00179.jpg\"><img loading=\"lazy\" decoding=\"async\" aria-describedby=\"caption-attachment-758\" class=\"size-medium wp-image-758\" title=\"Comunidad Machacuyacu\" src=\"http:\/\/www.kodro.es\/blog\/wp-content\/images\/DSC00179-300x225.jpg\" alt=\"Comunidad Machacuyacu\" width=\"300\" height=\"225\" srcset=\"https:\/\/www.kodro.es\/blog\/wp-content\/images\/DSC00179-300x225.jpg 300w, https:\/\/www.kodro.es\/blog\/wp-content\/images\/DSC00179-1024x768.jpg 1024w, https:\/\/www.kodro.es\/blog\/wp-content\/images\/DSC00179.jpg 2048w\" sizes=\"auto, (max-width: 300px) 100vw, 300px\" \/><\/a><p id=\"caption-attachment-758\" class=\"wp-caption-text\">Comunidad Machacuyacu<\/p><\/div>\n<p>Me lleva <strong>Daniel<\/strong> (mi gu\u00eda, un machacuyacu) al poblado donde pasar\u00e9 estas jornadas y me muestra la caba\u00f1a donde me alojar\u00e9. Es para seis personas pero estoy yo solo. Solo en la caba\u00f1a y solo en el poblado, soy el \u00fanico turista. En la comunidad de los <strong>Machacuyacu<\/strong> (serpiente de agua en lengua quichua) viven unas 16 familias, cerca de 100 personas (son familias muy numerosas, el \u00fanico anticonceptivo es una mezcla de plantas que dicen que funciona, no lo creo por lo que veo).<\/p>\n<p>Daniel habla castellano y quichua, el resto de la comunidad solo <strong>quichua<\/strong> as\u00ed que me hace de traductor constantemente.<\/p>\n<div id=\"attachment_759\" style=\"width: 310px\" class=\"wp-caption alignright\"><a href=\"http:\/\/www.kodro.es\/blog\/wp-content\/images\/DSC00187.jpg\"><img loading=\"lazy\" decoding=\"async\" aria-describedby=\"caption-attachment-759\" class=\"size-medium wp-image-759\" title=\"Mosquitera\" src=\"http:\/\/www.kodro.es\/blog\/wp-content\/images\/DSC00187-300x225.jpg\" alt=\"Mosquitera\" width=\"300\" height=\"225\" srcset=\"https:\/\/www.kodro.es\/blog\/wp-content\/images\/DSC00187-300x225.jpg 300w, https:\/\/www.kodro.es\/blog\/wp-content\/images\/DSC00187-1024x768.jpg 1024w, https:\/\/www.kodro.es\/blog\/wp-content\/images\/DSC00187.jpg 2048w\" sizes=\"auto, (max-width: 300px) 100vw, 300px\" \/><\/a><p id=\"caption-attachment-759\" class=\"wp-caption-text\">Mosquitera<\/p><\/div>\n<p>No tardo apenas en instalarme, me preparan un colch\u00f3n, s\u00e1banas, manta \u00bf? y una <strong>mosquitera<\/strong> con cientos de remiendos (me tendr\u00e9 que embadurnar m\u00e1s con repelente \ud83d\ude42 )<\/p>\n<p>El Amazonas tiene constantemente un ruido <strong>ensordecedor<\/strong>, la multitud de insectos y animales, cada uno con su canci\u00f3n, no dejan jam\u00e1s lugar al silencio.<\/p>\n<p>Para romper el hielo de la convivencia me explican el cultivo y recolecci\u00f3n de la <strong>yuca<\/strong>, as\u00ed como la preparaci\u00f3n de la \u00ab<em><strong>chicha<\/strong><\/em>\u00bb (infusi\u00f3n-fermentanci\u00f3n de la yuca, con alta graduaci\u00f3n alcoh\u00f3lica). La dieta b\u00e1sica de la comunidad es yuca, huevos y vegetales que colecta cada familia de su asignaci\u00f3n de tierras.<\/p>\n<p>Tengo unos momentos para relajarme y, como a\u00fan no tengo ducha, voy a ba\u00f1arme al <strong><em>arroyo<\/em><\/strong>. La comunidad elige su ubicaci\u00f3n siempre cerca de una fuente de agua que no se seque (aunque no sea potable). Esta es <strong>azufrada<\/strong> y a su paso por la comunidad se divide en zona de ba\u00f1o (aseo) y zona de lavado de ropa y herramientas.<\/p>\n<div id=\"attachment_760\" style=\"width: 310px\" class=\"wp-caption alignright\"><a href=\"http:\/\/www.kodro.es\/blog\/wp-content\/images\/DSC00180.jpg\"><img loading=\"lazy\" decoding=\"async\" aria-describedby=\"caption-attachment-760\" class=\"size-medium wp-image-760\" title=\"La comunidad desde mi caba\u00f1a\" src=\"http:\/\/www.kodro.es\/blog\/wp-content\/images\/DSC00180-300x225.jpg\" alt=\"La comunidad desde mi caba\u00f1a\" width=\"300\" height=\"225\" srcset=\"https:\/\/www.kodro.es\/blog\/wp-content\/images\/DSC00180-300x225.jpg 300w, https:\/\/www.kodro.es\/blog\/wp-content\/images\/DSC00180-1024x768.jpg 1024w, https:\/\/www.kodro.es\/blog\/wp-content\/images\/DSC00180.jpg 2048w\" sizes=\"auto, (max-width: 300px) 100vw, 300px\" \/><\/a><p id=\"caption-attachment-760\" class=\"wp-caption-text\">La comunidad desde mi caba\u00f1a<\/p><\/div>\n<p>No es muy tarde (sobre las seis, aqu\u00ed el reloj ha perdido su funci\u00f3n y sentido) y ya anochece. Cenamos algo (yuca, maduro y arroz) y despu\u00e9s disfruto del <strong>cielo<\/strong> que, sin rastro de contaminaci\u00f3n lum\u00ednica (en la comunidad hay un par de farolas, muy lejos de mi caba\u00f1a) me sigue siendo familiar a pesar de ser en latitud cero. <strong>Ori\u00f3n<\/strong> est\u00e1 sobre mi cabeza. En Madrigal, en la \u00e9poca de oto\u00f1o la veo hacia el sur-este, creo recordar&#8230;<\/p>\n<p>Me meto en la mosquitera, y cierro los ojos para <strong>dormir<\/strong>. El ruido de serpientes, grillos y cigarras atrona. Descanso bien aunque me despierta l\u00e9vemente la <strong>lluvia<\/strong> (cae agua pr\u00e1cticamente todas las madrugadas) y ni las historia de serpientes venenosas en la comunidad perturban mis sue\u00f1os&#8230;<\/p>\n","protected":false},"excerpt":{"rendered":"<p>Lunes, 24 de Enero de 2011. El calor, la humedad (ha llovido de madrugada) y sobre todo mi particular apego al jet-lag hace que est\u00e9 con los ojos abiertos a las 6,30h de la ma\u00f1ana. Desayuno muy bien en un &hellip; <a href=\"https:\/\/www.kodro.es\/blog\/2011\/07\/05\/ecuador-jornada-10-tena-mushualli-comunidad-machacuyacu\/\">Sigue leyendo <span class=\"meta-nav\">&rarr;<\/span><\/a><\/p>\n","protected":false},"author":1,"featured_media":0,"comment_status":"open","ping_status":"open","sticky":false,"template":"","format":"standard","meta":{"ngg_post_thumbnail":0,"jetpack_post_was_ever_published":false,"_jetpack_newsletter_access":"","_jetpack_dont_email_post_to_subs":false,"_jetpack_newsletter_tier_id":0,"_jetpack_memberships_contains_paywalled_content":false,"_jetpack_memberships_contains_paid_content":false,"footnotes":"","jetpack_publicize_message":"","jetpack_publicize_feature_enabled":true,"jetpack_social_post_already_shared":false,"jetpack_social_options":{"image_generator_settings":{"template":"highway","default_image_id":0,"font":"","enabled":false},"version":2}},"categories":[58,11],"tags":[65,59,66,67],"class_list":["post-756","post","type-post","status-publish","format-standard","hentry","category-ecuador","category-viajes","tag-amazonas","tag-ecuador-2","tag-machacuyacu","tag-mishualli"],"jetpack_publicize_connections":[],"jetpack_featured_media_url":"","jetpack_shortlink":"https:\/\/wp.me\/p2PaDf-cc","jetpack_sharing_enabled":true,"jetpack-related-posts":[],"_links":{"self":[{"href":"https:\/\/www.kodro.es\/blog\/wp-json\/wp\/v2\/posts\/756","targetHints":{"allow":["GET"]}}],"collection":[{"href":"https:\/\/www.kodro.es\/blog\/wp-json\/wp\/v2\/posts"}],"about":[{"href":"https:\/\/www.kodro.es\/blog\/wp-json\/wp\/v2\/types\/post"}],"author":[{"embeddable":true,"href":"https:\/\/www.kodro.es\/blog\/wp-json\/wp\/v2\/users\/1"}],"replies":[{"embeddable":true,"href":"https:\/\/www.kodro.es\/blog\/wp-json\/wp\/v2\/comments?post=756"}],"version-history":[{"count":5,"href":"https:\/\/www.kodro.es\/blog\/wp-json\/wp\/v2\/posts\/756\/revisions"}],"predecessor-version":[{"id":799,"href":"https:\/\/www.kodro.es\/blog\/wp-json\/wp\/v2\/posts\/756\/revisions\/799"}],"wp:attachment":[{"href":"https:\/\/www.kodro.es\/blog\/wp-json\/wp\/v2\/media?parent=756"}],"wp:term":[{"taxonomy":"category","embeddable":true,"href":"https:\/\/www.kodro.es\/blog\/wp-json\/wp\/v2\/categories?post=756"},{"taxonomy":"post_tag","embeddable":true,"href":"https:\/\/www.kodro.es\/blog\/wp-json\/wp\/v2\/tags?post=756"}],"curies":[{"name":"wp","href":"https:\/\/api.w.org\/{rel}","templated":true}]}}