{"id":732,"date":"2011-05-11T11:58:48","date_gmt":"2011-05-11T10:58:48","guid":{"rendered":"http:\/\/www.kodro.es\/blog\/?p=732"},"modified":"2011-07-13T18:01:16","modified_gmt":"2011-07-13T17:01:16","slug":"ecuador-jornada-7-quito-vuelta-a-riobamba","status":"publish","type":"post","link":"https:\/\/www.kodro.es\/blog\/2011\/05\/11\/ecuador-jornada-7-quito-vuelta-a-riobamba\/","title":{"rendered":"Ecuador: Jornada 7. Quito. Vuelta a R\u00edobamba."},"content":{"rendered":"<p><strong><\/p>\n<div id=\"attachment_733\" style=\"width: 310px\" class=\"wp-caption alignright\"><a href=\"http:\/\/www.kodro.es\/blog\/wp-content\/images\/DSC00118.jpg\"><img loading=\"lazy\" decoding=\"async\" aria-describedby=\"caption-attachment-733\" class=\"size-medium wp-image-733\" title=\"Quito\" src=\"http:\/\/www.kodro.es\/blog\/wp-content\/images\/DSC00118-300x225.jpg\" alt=\"Quito\" width=\"300\" height=\"225\" srcset=\"https:\/\/www.kodro.es\/blog\/wp-content\/images\/DSC00118-300x225.jpg 300w, https:\/\/www.kodro.es\/blog\/wp-content\/images\/DSC00118-1024x768.jpg 1024w, https:\/\/www.kodro.es\/blog\/wp-content\/images\/DSC00118.jpg 2048w\" sizes=\"auto, (max-width: 300px) 100vw, 300px\" \/><\/a><p id=\"caption-attachment-733\" class=\"wp-caption-text\">Quito<\/p><\/div>\n<p>Viernes, 21 de Enero de 2011.<\/strong><\/p>\n<p><strong><\/strong>Amanec\u00ed como era costumbre bien temprano por lo que el d\u00eda me iba a cundir para visitar el <strong>centro <\/strong>y <strong>casco hist\u00f3rico<\/strong> de la capital ecuatoriana.<\/p>\n<p>Despu\u00e9s de desayunar en el hotel (buen buffet) echando un vistazo a los mapas cargu\u00e9 la mochila y me dirig\u00ed, en primer lugar, hacia el <strong>planetario <\/strong>pateando la <strong>Avenida Colombia<\/strong>. Pude visitar todas las exposiciones y disfrutar de la sesi\u00f3n del proyector de estrellas ($2) junto con multitud de escolares que estaban de excursi\u00f3n all\u00ed.<\/p>\n<p>Despu\u00e9s, segu\u00ed mi caminata hacia la Bas\u00edlica, Santo Domingo, <strong>Plaza Grande<\/strong>&#8230; la verdad es que Quito es una ciudad con rincones y monumentos bonitos pero no es el principal atractivo de Ecuador para mi gusto.<\/p>\n<p>En la ciudad, comparando con los sitios que ya hab\u00eda visitado, se ve\u00edan muchos m\u00e1s <strong>mestizos <\/strong>y gente con rasgos europeos y muchos menos rasgos ind\u00edgenas o andinos. Las calles estaban atestadas de gente, tanto turistas como vendedores, otros trabajadores y sobre todo una gran cantidad de ni\u00f1os.<\/p>\n<div id=\"attachment_734\" style=\"width: 310px\" class=\"wp-caption alignleft\"><a href=\"http:\/\/www.kodro.es\/blog\/wp-content\/images\/DSC00132.jpg\"><img loading=\"lazy\" decoding=\"async\" aria-describedby=\"caption-attachment-734\" class=\"size-medium wp-image-734\" title=\"Comida y bebida sana\" src=\"http:\/\/www.kodro.es\/blog\/wp-content\/images\/DSC00132-300x225.jpg\" alt=\"Comida y bebida sana\" width=\"300\" height=\"225\" srcset=\"https:\/\/www.kodro.es\/blog\/wp-content\/images\/DSC00132-300x225.jpg 300w, https:\/\/www.kodro.es\/blog\/wp-content\/images\/DSC00132-1024x768.jpg 1024w, https:\/\/www.kodro.es\/blog\/wp-content\/images\/DSC00132.jpg 2048w\" sizes=\"auto, (max-width: 300px) 100vw, 300px\" \/><\/a><p id=\"caption-attachment-734\" class=\"wp-caption-text\">Comida y bebida sana<\/p><\/div>\n<p>Me lanc\u00e9 a comer en un peque\u00f1o local de la zona de Santo Domingo, donde por $2 obtuve <strong>arroz<\/strong>, <strong>pollo<\/strong>, <strong>papas <\/strong>fritas y bebida (algo as\u00ed como Tang de fresa megadulce), que era lo que tomaba el 95% de la clientela del sitio (ni\u00f1os que sal\u00edan del colegio y trabajadores de la zona).<\/p>\n<p>Despu\u00e9s de patear un buen rato m\u00e1s para bajar la comida me dirig\u00ed de nuevo a la estaci\u00f3n de autobuses para regresar a <strong>R\u00edobamba<\/strong>, otras cinco horas de viaje ($4,5) para recorrer menos de 200kms.<\/p>\n<p>Aunque llegu\u00e9 bien entrada la tarde-noche a\u00fan nos di\u00f3 tiempo a Sergio y a m\u00ed a recorrer de nuevo el <strong>Parque Sucre<\/strong>, hacernos fotos en los lugares donde grab\u00f3 uno de sus v\u00eddeos musicales el gran <a title=\"Delf\u00edn en R\u00edobamba\" href=\"http:\/\/www.youtube.com\/watch?v=TuSSlFZ8cfA\" target=\"_blank\">Delf\u00edn<\/a>.<\/p>\n<p>Para la cena Sergio \u00abintent\u00f3\u00bb hacer una <strong>tortilla <\/strong>de patata (yo que cre\u00eda que hab\u00eda que freir las patatas y la cebolla y resulta que se apa\u00f1\u00f3 para echarlas a medio cocer). Menos mal que ah\u00ed estaba la botella de <strong>Irache <\/strong>para pasarlo todo&#8230; y bien que dimos cuenta de ella que la apuramos del todo.<\/p>\n","protected":false},"excerpt":{"rendered":"<p>Viernes, 21 de Enero de 2011. Amanec\u00ed como era costumbre bien temprano por lo que el d\u00eda me iba a cundir para visitar el centro y casco hist\u00f3rico de la capital ecuatoriana. Despu\u00e9s de desayunar en el hotel (buen buffet) &hellip; <a href=\"https:\/\/www.kodro.es\/blog\/2011\/05\/11\/ecuador-jornada-7-quito-vuelta-a-riobamba\/\">Sigue leyendo <span class=\"meta-nav\">&rarr;<\/span><\/a><\/p>\n","protected":false},"author":1,"featured_media":0,"comment_status":"open","ping_status":"open","sticky":false,"template":"","format":"standard","meta":{"ngg_post_thumbnail":0,"jetpack_post_was_ever_published":false,"_jetpack_newsletter_access":"","_jetpack_dont_email_post_to_subs":false,"_jetpack_newsletter_tier_id":0,"_jetpack_memberships_contains_paywalled_content":false,"_jetpack_memberships_contains_paid_content":false,"footnotes":"","jetpack_publicize_message":"","jetpack_publicize_feature_enabled":true,"jetpack_social_post_already_shared":false,"jetpack_social_options":{"image_generator_settings":{"template":"highway","default_image_id":0,"font":"","enabled":false},"version":2}},"categories":[58,11],"tags":[59,63,70],"class_list":["post-732","post","type-post","status-publish","format-standard","hentry","category-ecuador","category-viajes","tag-ecuador-2","tag-quito","tag-riobamba"],"jetpack_publicize_connections":[],"jetpack_featured_media_url":"","jetpack_shortlink":"https:\/\/wp.me\/p2PaDf-bO","jetpack_sharing_enabled":true,"jetpack-related-posts":[],"_links":{"self":[{"href":"https:\/\/www.kodro.es\/blog\/wp-json\/wp\/v2\/posts\/732","targetHints":{"allow":["GET"]}}],"collection":[{"href":"https:\/\/www.kodro.es\/blog\/wp-json\/wp\/v2\/posts"}],"about":[{"href":"https:\/\/www.kodro.es\/blog\/wp-json\/wp\/v2\/types\/post"}],"author":[{"embeddable":true,"href":"https:\/\/www.kodro.es\/blog\/wp-json\/wp\/v2\/users\/1"}],"replies":[{"embeddable":true,"href":"https:\/\/www.kodro.es\/blog\/wp-json\/wp\/v2\/comments?post=732"}],"version-history":[{"count":3,"href":"https:\/\/www.kodro.es\/blog\/wp-json\/wp\/v2\/posts\/732\/revisions"}],"predecessor-version":[{"id":736,"href":"https:\/\/www.kodro.es\/blog\/wp-json\/wp\/v2\/posts\/732\/revisions\/736"}],"wp:attachment":[{"href":"https:\/\/www.kodro.es\/blog\/wp-json\/wp\/v2\/media?parent=732"}],"wp:term":[{"taxonomy":"category","embeddable":true,"href":"https:\/\/www.kodro.es\/blog\/wp-json\/wp\/v2\/categories?post=732"},{"taxonomy":"post_tag","embeddable":true,"href":"https:\/\/www.kodro.es\/blog\/wp-json\/wp\/v2\/tags?post=732"}],"curies":[{"name":"wp","href":"https:\/\/api.w.org\/{rel}","templated":true}]}}