{"id":705,"date":"2011-04-06T15:27:54","date_gmt":"2011-04-06T14:27:54","guid":{"rendered":"http:\/\/www.kodro.es\/blog\/?p=705"},"modified":"2011-07-13T18:02:12","modified_gmt":"2011-07-13T17:02:12","slug":"ecuador-jornada-3-riobamba-las-lagunas-de-atillo","status":"publish","type":"post","link":"https:\/\/www.kodro.es\/blog\/2011\/04\/06\/ecuador-jornada-3-riobamba-las-lagunas-de-atillo\/","title":{"rendered":"Ecuador: Jornada 3. R\u00edobamba: Las Lagunas de Atillo."},"content":{"rendered":"<p><strong><\/p>\n<div id=\"attachment_706\" style=\"width: 310px\" class=\"wp-caption alignright\"><a href=\"http:\/\/www.kodro.es\/blog\/wp-content\/images\/179607_495620296993_615066993_6727288_7672762_n.jpg\"><img loading=\"lazy\" decoding=\"async\" aria-describedby=\"caption-attachment-706\" class=\"size-medium wp-image-706\" title=\"Lagunas de Atillo\" src=\"http:\/\/www.kodro.es\/blog\/wp-content\/images\/179607_495620296993_615066993_6727288_7672762_n-300x225.jpg\" alt=\"Lagunas de Atillo\" width=\"300\" height=\"225\" srcset=\"https:\/\/www.kodro.es\/blog\/wp-content\/images\/179607_495620296993_615066993_6727288_7672762_n-300x225.jpg 300w, https:\/\/www.kodro.es\/blog\/wp-content\/images\/179607_495620296993_615066993_6727288_7672762_n.jpg 720w\" sizes=\"auto, (max-width: 300px) 100vw, 300px\" \/><\/a><p id=\"caption-attachment-706\" class=\"wp-caption-text\">Lagunas de Atillo<\/p><\/div>\n<p>Lunes, 17 de Enero de 2011.<\/strong><\/p>\n<p>Dado que Sergio ten\u00eda que trabajar, era en solitario mi primera excursi\u00f3n por la zona. El lugar elegido la noche antes para mi destino era <strong>Las Lagunas de Atillo<\/strong>. Unas lagunas naturales a unos escasos 60 kil\u00f3metros al sur de R\u00edobamba.<strong><\/strong><\/p>\n<p>Aprovech\u00e9 que el autob\u00fas con esa direcci\u00f3n no part\u00eda hasta las doce de la ma\u00f1ana para patear la ciudad de nuevo y conocerla un poco mejor. Entr\u00e9 al <strong>mercado <\/strong>para ver qu\u00e9 cosas se compraban por aqu\u00ed y, aunque la globalizaci\u00f3n hace que veas ciertas marcas y productos por todos lados, eran las mercanc\u00edas locales las que buscaban mis ojos. Multitud de variedad de frutas y verduras se expon\u00edan en grandes mostradores, as\u00ed como carnes de pollo, cerdo y <strong><em>cuy <\/em><\/strong>(coballa de indias) que aqu\u00ed se suele comer.<\/p>\n<p>No me agrad\u00f3 a la vista nada de los productos desconocidos as\u00ed que fui a lo seguro y compr\u00e9 jam\u00f3n cocido y pan para la excursi\u00f3n. Ademas, agua y unas frutas llamadas <em><strong>granadillas<\/strong><\/em>, que no hab\u00eda probado hasta el desayuno, muy dulces ($1,80).<\/p>\n<p>De camino a la terminal de autobuses me cruc\u00e9 con un gran jolgorio, elecciones universitarias, bastante coloridas. Almorc\u00e9 algo antes de subirme al autocar (si el de Quito-R\u00edobamba era antiguo, este merec\u00eda estar en un museo) y en seguida se llen\u00f3 de <strong>ni\u00f1os<\/strong> menores de diez a\u00f1os, todos procedientes de la escuela y que volv\u00edan a sus casas en las tierras al sur de R\u00edobamba. Llamaba la atenci\u00f3n la cantidad de ni\u00f1os peque\u00f1os, de incluso pocos a\u00f1os viajando solos, con su moneda de 10 cents en la mano (precio del viaje para estos ni\u00f1os).<\/p>\n<p>Poco m\u00e1s de dos horas despu\u00e9s ($2), con multitud de paradas (aqu\u00ed el autocar aminora donde t\u00fa solicitas siempre que seas capaz de saltar en marcha) llegu\u00e9 al final de trayecto, que coincid\u00eda con una peque\u00f1a fonda que estaba a unos cinco kil\u00f3metros de las <strong>lagunas<\/strong>.<\/p>\n<p>No es un lugar tur\u00edstico, en verdad yo era el \u00fanico viajero por la zona y solo coincid\u00ed con un guardaparques y algunos trabajadores que estaban asfaltando la v\u00eda, pero es un paraje precioso, completamente <strong>verde <\/strong>y salvaje que merece la pena ser visitado.<\/p>\n","protected":false},"excerpt":{"rendered":"<p>Lunes, 17 de Enero de 2011. Dado que Sergio ten\u00eda que trabajar, era en solitario mi primera excursi\u00f3n por la zona. El lugar elegido la noche antes para mi destino era Las Lagunas de Atillo. Unas lagunas naturales a unos &hellip; <a href=\"https:\/\/www.kodro.es\/blog\/2011\/04\/06\/ecuador-jornada-3-riobamba-las-lagunas-de-atillo\/\">Sigue leyendo <span class=\"meta-nav\">&rarr;<\/span><\/a><\/p>\n","protected":false},"author":1,"featured_media":0,"comment_status":"open","ping_status":"open","sticky":false,"template":"","format":"standard","meta":{"ngg_post_thumbnail":0,"jetpack_post_was_ever_published":false,"_jetpack_newsletter_access":"","_jetpack_dont_email_post_to_subs":false,"_jetpack_newsletter_tier_id":0,"_jetpack_memberships_contains_paywalled_content":false,"_jetpack_memberships_contains_paid_content":false,"footnotes":"","jetpack_publicize_message":"","jetpack_publicize_feature_enabled":true,"jetpack_social_post_already_shared":false,"jetpack_social_options":{"image_generator_settings":{"template":"highway","default_image_id":0,"font":"","enabled":false},"version":2}},"categories":[58,11],"tags":[78,59,70],"class_list":["post-705","post","type-post","status-publish","format-standard","hentry","category-ecuador","category-viajes","tag-atillo","tag-ecuador-2","tag-riobamba"],"jetpack_publicize_connections":[],"jetpack_featured_media_url":"","jetpack_shortlink":"https:\/\/wp.me\/p2PaDf-bn","jetpack_sharing_enabled":true,"jetpack-related-posts":[],"_links":{"self":[{"href":"https:\/\/www.kodro.es\/blog\/wp-json\/wp\/v2\/posts\/705","targetHints":{"allow":["GET"]}}],"collection":[{"href":"https:\/\/www.kodro.es\/blog\/wp-json\/wp\/v2\/posts"}],"about":[{"href":"https:\/\/www.kodro.es\/blog\/wp-json\/wp\/v2\/types\/post"}],"author":[{"embeddable":true,"href":"https:\/\/www.kodro.es\/blog\/wp-json\/wp\/v2\/users\/1"}],"replies":[{"embeddable":true,"href":"https:\/\/www.kodro.es\/blog\/wp-json\/wp\/v2\/comments?post=705"}],"version-history":[{"count":3,"href":"https:\/\/www.kodro.es\/blog\/wp-json\/wp\/v2\/posts\/705\/revisions"}],"predecessor-version":[{"id":708,"href":"https:\/\/www.kodro.es\/blog\/wp-json\/wp\/v2\/posts\/705\/revisions\/708"}],"wp:attachment":[{"href":"https:\/\/www.kodro.es\/blog\/wp-json\/wp\/v2\/media?parent=705"}],"wp:term":[{"taxonomy":"category","embeddable":true,"href":"https:\/\/www.kodro.es\/blog\/wp-json\/wp\/v2\/categories?post=705"},{"taxonomy":"post_tag","embeddable":true,"href":"https:\/\/www.kodro.es\/blog\/wp-json\/wp\/v2\/tags?post=705"}],"curies":[{"name":"wp","href":"https:\/\/api.w.org\/{rel}","templated":true}]}}