{"id":687,"date":"2011-03-09T17:43:51","date_gmt":"2011-03-09T16:43:51","guid":{"rendered":"http:\/\/www.kodro.es\/blog\/?p=687"},"modified":"2011-07-13T18:03:08","modified_gmt":"2011-07-13T17:03:08","slug":"argentina-jornada-16-de-buenos-aires-a-madrid","status":"publish","type":"post","link":"https:\/\/www.kodro.es\/blog\/2011\/03\/09\/argentina-jornada-16-de-buenos-aires-a-madrid\/","title":{"rendered":"Argentina: Jornada 16. De Buenos Aires a Madrid"},"content":{"rendered":"<p><strong><a href=\"http:\/\/www.kodro.es\/blog\/wp-content\/images\/domingo_recoleta.jpg\"><img loading=\"lazy\" decoding=\"async\" class=\"alignright size-medium wp-image-688\" title=\"Recoleta\" src=\"http:\/\/www.kodro.es\/blog\/wp-content\/images\/domingo_recoleta-300x225.jpg\" alt=\"Recoleta\" width=\"300\" height=\"225\" srcset=\"https:\/\/www.kodro.es\/blog\/wp-content\/images\/domingo_recoleta-300x225.jpg 300w, https:\/\/www.kodro.es\/blog\/wp-content\/images\/domingo_recoleta.jpg 604w\" sizes=\"auto, (max-width: 300px) 100vw, 300px\" \/><\/a>Domingo, 15 de Noviembre de 2009.<\/strong><\/p>\n<p>Adi\u00f3s a nuestras vacaciones, adi\u00f3s a nuestro viaje y <strong>adi\u00f3s a Argentina<\/strong>.<strong><\/strong><\/p>\n<p>Nuestro periplo llegaba a su fin, para despedirnos de Argentina y de su capital Buenos Aires, a\u00fan nos quedaban unas horas que exprimimos recorriendo el barrio de <strong>La Recoleta<\/strong> y San Telmo.<\/p>\n<p>En este barrio, <strong>San Telmo<\/strong>, ya \u00abnuestro barrio\u00bb, volvimos a comer en el lugar donde lo hic\u00e9ramos un par de semanas atr\u00e1s, para recordar esos bifes de chorizo, ese vinito bueno, y esos tangos sin tanto glamour como los de Tortoni pero aut\u00e9nticos al fin y al cabo.<\/p>\n<p><a href=\"http:\/\/www.kodro.es\/blog\/wp-content\/images\/domingo_bsas.jpg\"><img loading=\"lazy\" decoding=\"async\" class=\"alignleft size-medium wp-image-689\" title=\"Adi\u00f3s BsAs\" src=\"http:\/\/www.kodro.es\/blog\/wp-content\/images\/domingo_bsas-300x225.jpg\" alt=\"Adi\u00f3s BsAs\" width=\"300\" height=\"225\" srcset=\"https:\/\/www.kodro.es\/blog\/wp-content\/images\/domingo_bsas-300x225.jpg 300w, https:\/\/www.kodro.es\/blog\/wp-content\/images\/domingo_bsas.jpg 604w\" sizes=\"auto, (max-width: 300px) 100vw, 300px\" \/><\/a>Los \u00faltimos minutos en la Capital Federal fueron para hacernos con <strong>alfajores <\/strong>para dar y regalar, organizar las maletas (yo me hice con una maleta m\u00e1s en la Calle Florida) y hacer compras de \u00faltima hora.<\/p>\n<p>Nos esperaba un largo viaje de vuelta cruzando el Atl\u00e1ntico que afrontamos con la promesa, firme, de <strong>volver <\/strong>a esta tierra alg\u00fan d\u00eda.<\/p>\n","protected":false},"excerpt":{"rendered":"<p>Domingo, 15 de Noviembre de 2009. Adi\u00f3s a nuestras vacaciones, adi\u00f3s a nuestro viaje y adi\u00f3s a Argentina. Nuestro periplo llegaba a su fin, para despedirnos de Argentina y de su capital Buenos Aires, a\u00fan nos quedaban unas horas que &hellip; <a href=\"https:\/\/www.kodro.es\/blog\/2011\/03\/09\/argentina-jornada-16-de-buenos-aires-a-madrid\/\">Sigue leyendo <span class=\"meta-nav\">&rarr;<\/span><\/a><\/p>\n","protected":false},"author":1,"featured_media":0,"comment_status":"open","ping_status":"open","sticky":false,"template":"","format":"standard","meta":{"ngg_post_thumbnail":0,"jetpack_post_was_ever_published":false,"_jetpack_newsletter_access":"","_jetpack_dont_email_post_to_subs":false,"_jetpack_newsletter_tier_id":0,"_jetpack_memberships_contains_paywalled_content":false,"_jetpack_memberships_contains_paid_content":false,"footnotes":"","jetpack_publicize_message":"","jetpack_publicize_feature_enabled":true,"jetpack_social_post_already_shared":false,"jetpack_social_options":{"image_generator_settings":{"template":"highway","default_image_id":0,"font":"","enabled":false},"version":2}},"categories":[11],"tags":[57,79,80],"class_list":["post-687","post","type-post","status-publish","format-standard","hentry","category-viajes","tag-argentina","tag-buenos-aires","tag-madrid"],"jetpack_publicize_connections":[],"jetpack_featured_media_url":"","jetpack_shortlink":"https:\/\/wp.me\/p2PaDf-b5","jetpack_sharing_enabled":true,"jetpack-related-posts":[],"_links":{"self":[{"href":"https:\/\/www.kodro.es\/blog\/wp-json\/wp\/v2\/posts\/687","targetHints":{"allow":["GET"]}}],"collection":[{"href":"https:\/\/www.kodro.es\/blog\/wp-json\/wp\/v2\/posts"}],"about":[{"href":"https:\/\/www.kodro.es\/blog\/wp-json\/wp\/v2\/types\/post"}],"author":[{"embeddable":true,"href":"https:\/\/www.kodro.es\/blog\/wp-json\/wp\/v2\/users\/1"}],"replies":[{"embeddable":true,"href":"https:\/\/www.kodro.es\/blog\/wp-json\/wp\/v2\/comments?post=687"}],"version-history":[{"count":3,"href":"https:\/\/www.kodro.es\/blog\/wp-json\/wp\/v2\/posts\/687\/revisions"}],"predecessor-version":[{"id":809,"href":"https:\/\/www.kodro.es\/blog\/wp-json\/wp\/v2\/posts\/687\/revisions\/809"}],"wp:attachment":[{"href":"https:\/\/www.kodro.es\/blog\/wp-json\/wp\/v2\/media?parent=687"}],"wp:term":[{"taxonomy":"category","embeddable":true,"href":"https:\/\/www.kodro.es\/blog\/wp-json\/wp\/v2\/categories?post=687"},{"taxonomy":"post_tag","embeddable":true,"href":"https:\/\/www.kodro.es\/blog\/wp-json\/wp\/v2\/tags?post=687"}],"curies":[{"name":"wp","href":"https:\/\/api.w.org\/{rel}","templated":true}]}}