{"id":34,"date":"2006-06-02T15:04:09","date_gmt":"2006-06-02T14:04:09","guid":{"rendered":"http:\/\/www.kodro.es\/blog\/2006\/06\/02\/jason-mcelwain-autista-gracias-al-baloncesto-rompio-el-muro\/"},"modified":"2006-06-02T15:06:06","modified_gmt":"2006-06-02T14:06:06","slug":"jason-mcelwain-autista-gracias-al-baloncesto-rompio-el-muro","status":"publish","type":"post","link":"https:\/\/www.kodro.es\/blog\/2006\/06\/02\/jason-mcelwain-autista-gracias-al-baloncesto-rompio-el-muro\/","title":{"rendered":"Jason McElwain (autista): Gracias al baloncesto rompi\u00f3 el muro"},"content":{"rendered":"<p>Hace poco lleg\u00f3 a mis o\u00eddos la historia de un chico <a href=\"http:\/\/es.wikipedia.org\/wiki\/Autismo\" target=\"_blank\" title=\"Autista\">autista<\/a> de los EEUU que &quot;se sali\u00f3&quot; en un partido de <strong>baloncesto <\/strong>de su escuela metiendo <strong>6 triples seguidos<\/strong>.<\/p>\n<p>Ahora, en <a href=\"http:\/\/www.mundoatleti.com\" target=\"_blank\" title=\"Mundo Atleti\">MundoAtleli<\/a> (no, no soy del Atl\u00e9tico pero ponen muchas noticias de basket bien contadas) han escrito largo y extenso sobre el tema&#8230; os copio-pego algunos estractos:<\/p>\n<p><em><img loading=\"lazy\" decoding=\"async\" width=\"307\" height=\"191\" border=\"0\" align=\"right\" src=\"http:\/\/www.kodro.es\/blog\/wp-content\/mcelwain.jpg\" alt=\"Jason McElwain\" title=\"Jason McElwain\" \/>Durante tres a&ntilde;os, desde que ten\u00eda 15 hasta los 17 cumplidos, fue el &#8216;chico para todo&#8217; de los Trojans, el equipo de basket del Greece Athena High School, una modesta escuela secundaria situada en Rochester, Nueva York.<\/em><\/p>\n<p><em>J-Mac, como le apodan en el equipo, [&#8230;] se quedaba en el banco al lado del entrenador Jim Johnson para lo que pudiera necesitar; [&#8230;] era demasiado bajo con su 1,68 m. de estatura, y segundo, padec\u00eda autismo.<\/em><\/p>\n<p><em>Jason McElwain no comenz\u00f3 a hablar hasta que ten\u00eda 5 a&ntilde;os y a\u00fan hoy su expresi\u00f3n oral es limitada y carece de muchas de las denominadas &#8216;habilidades sociales&#8217; [&#8230;]<\/em><\/p>\n<p><em>[&#8230;] J-Mac estaba en su \u00faltimo a&ntilde;o de high school y que aquella era su \u00faltima oportunidad de jugar, [&#8230;] con su madre vi\u00e9ndole desde la grada. Permanecer todo el encuentro sentado era lo de menos.<\/em><\/p>\n<p><em>A falta de 4 minutos para la conclusi\u00f3n [&#8230;] el entrenador le dijo a Jason: &ldquo;Ponte en pie, vas a salir a jugar&rdquo;. En cuanto entr\u00f3, el p\u00fablico rugi\u00f3 y aplaudi\u00f3 a rabiar. Todos conoc\u00edan a McElwain y todos pensaban que era un chico encantador que se merec\u00eda aquella recompensa. Su primer lanzamiento, un triple, no toc\u00f3 aro. El segundo, una bandeja, se qued\u00f3 en el tablero. Pero en los tres minutos restantes hizo lo que nadie hab\u00eda hecho jam\u00e1s.<\/em><\/p>\n<p><em>A continuaci\u00f3n clav\u00f3 su primer triple, desatando la euforia entre el p\u00fablico y sus compa&ntilde;eros. Y una vez caliente fue imparable: meti\u00f3 otro, otro m\u00e1s, otro&#8230; hasta seis, cerrando su actuaci\u00f3n con una canasta de dos puntos. Resumen: 20 puntos en tres minutos y un registro, los seis triples conseguidos, r\u00e9cord en la historia de su escuela. Hubo invasi\u00f3n de pista y Jason fue levantado a hombros. [&#8230;] su madre, Debbie, sabe d\u00f3nde est\u00e1 lo realmente importante: &ldquo;Yo veo el autismo como el muro de Berl\u00edn, y Jason lo ha roto. Por primera vez en su vida se ha sentido orgulloso de s\u00ed mismo y eso no tiene precio&quot;.<\/em><\/p>\n<p>Texto completo en:  <a href=\"http:\/\/www.mundoatleti.com\/20060602\/NOTICIA221298386.html\" target=\"_blank\" title=\"JASON McELWAIN: H\u00e9roe en tres minutos\">http:\/\/www.mundoatleti.com\/20060602\/NOTICIA221298386.html<\/a> <\/p>\n<p>&nbsp;<\/p>\n<p>Ahora se lo rifan las productoras de Hollywood para hacer una <strong>pel\u00edcula<\/strong> espero que al chaval (con ese problema) no le perjudique todo este revuelo a su alrededor.<\/p>\n<p>Se me ponen los pelos de punta (literal) cada vez que veo el <strong>v\u00eddeo<\/strong> que hizo la <strong>ESPN <\/strong>(en ingl\u00e9s), est\u00e1 colgado en <a href=\"http:\/\/www.youtube.com\" target=\"_blank\" title=\"Youtube\">youtube<\/a> y os lo <strong>recomiendo <\/strong>encarecidamente:<\/p>\n<p><a href=\"http:\/\/www.youtube.com\/watch?v=ngzyhnkT_jY\" target=\"_blank\" title=\"V\u00eddeo de la noticia en ESPN\">http:\/\/www.youtube.com\/watch?v=ngzyhnkT_jY<\/a> <\/p>\n<p>&nbsp;<\/p>\n","protected":false},"excerpt":{"rendered":"<p>Hace poco lleg\u00f3 a mis o\u00eddos la historia de un chico autista de los EEUU que &quot;se sali\u00f3&quot; en un partido de baloncesto de su escuela metiendo 6 triples seguidos. Ahora, en MundoAtleli (no, no soy del Atl\u00e9tico pero ponen &hellip; <a href=\"https:\/\/www.kodro.es\/blog\/2006\/06\/02\/jason-mcelwain-autista-gracias-al-baloncesto-rompio-el-muro\/\">Sigue leyendo <span class=\"meta-nav\">&rarr;<\/span><\/a><\/p>\n","protected":false},"author":1,"featured_media":0,"comment_status":"open","ping_status":"open","sticky":false,"template":"","format":"standard","meta":{"ngg_post_thumbnail":0,"jetpack_post_was_ever_published":false,"_jetpack_newsletter_access":"","_jetpack_dont_email_post_to_subs":false,"_jetpack_newsletter_tier_id":0,"_jetpack_memberships_contains_paywalled_content":false,"_jetpack_memberships_contains_paid_content":false,"footnotes":"","jetpack_publicize_message":"","jetpack_publicize_feature_enabled":true,"jetpack_social_post_already_shared":false,"jetpack_social_options":{"image_generator_settings":{"template":"highway","default_image_id":0,"font":"","enabled":false},"version":2}},"categories":[4],"tags":[],"class_list":["post-34","post","type-post","status-publish","format-standard","hentry","category-baloncesto"],"jetpack_publicize_connections":[],"jetpack_featured_media_url":"","jetpack_shortlink":"https:\/\/wp.me\/p2PaDf-y","jetpack_sharing_enabled":true,"jetpack-related-posts":[],"_links":{"self":[{"href":"https:\/\/www.kodro.es\/blog\/wp-json\/wp\/v2\/posts\/34","targetHints":{"allow":["GET"]}}],"collection":[{"href":"https:\/\/www.kodro.es\/blog\/wp-json\/wp\/v2\/posts"}],"about":[{"href":"https:\/\/www.kodro.es\/blog\/wp-json\/wp\/v2\/types\/post"}],"author":[{"embeddable":true,"href":"https:\/\/www.kodro.es\/blog\/wp-json\/wp\/v2\/users\/1"}],"replies":[{"embeddable":true,"href":"https:\/\/www.kodro.es\/blog\/wp-json\/wp\/v2\/comments?post=34"}],"version-history":[{"count":0,"href":"https:\/\/www.kodro.es\/blog\/wp-json\/wp\/v2\/posts\/34\/revisions"}],"wp:attachment":[{"href":"https:\/\/www.kodro.es\/blog\/wp-json\/wp\/v2\/media?parent=34"}],"wp:term":[{"taxonomy":"category","embeddable":true,"href":"https:\/\/www.kodro.es\/blog\/wp-json\/wp\/v2\/categories?post=34"},{"taxonomy":"post_tag","embeddable":true,"href":"https:\/\/www.kodro.es\/blog\/wp-json\/wp\/v2\/tags?post=34"}],"curies":[{"name":"wp","href":"https:\/\/api.w.org\/{rel}","templated":true}]}}