{"id":32,"date":"2006-05-30T13:57:07","date_gmt":"2006-05-30T12:57:07","guid":{"rendered":"http:\/\/www.kodro.es\/blog\/2006\/05\/30\/el-chorro-de-la-ventera\/"},"modified":"2006-05-30T13:57:07","modified_gmt":"2006-05-30T12:57:07","slug":"el-chorro-de-la-ventera","status":"publish","type":"post","link":"https:\/\/www.kodro.es\/blog\/2006\/05\/30\/el-chorro-de-la-ventera\/","title":{"rendered":"El Chorro de la Ventera"},"content":{"rendered":"<p><img loading=\"lazy\" decoding=\"async\" width=\"250\" height=\"190\" border=\"0\" align=\"right\" src=\"http:\/\/www.kodro.es\/blog\/wp-content\/chorroventera2.jpg\" alt=\"Chorro de la Ventera\" title=\"Chorro de la Ventera\" \/>El <strong>Chorro de la Ventera<\/strong> es un impresionante salto de 80 metros de altura (<strike>seg\u00fan dicen, a mi me parec\u00eda menos a ojo<\/strike>) que pertenece a La Garganta del Chorro, afluente de La Garganta de <strong>Minchones <\/strong>y que est\u00e1 situado entre las localidades de <strong>Madrigal <\/strong>y <strong>Villanueva <\/strong>de La Vera, provincia de <strong>C\u00e1ceres<\/strong>.<\/p>\n<p>El pasado 6 de Mayo fui invitado a unirme a la excursi\u00f3n que organizaba el <a href=\"http:\/\/centros1.pntic.mec.es\/cp.santa.florentina\/micole.htm\" target=\"_blank\" title=\"C.P. Santa Florentina\">C.P. Santa Florentina<\/a> y no lo dud\u00e9 ni un momento.<\/p>\n<p>Aunque iba preparado para la caminata (10 kms, aprox.) hicimos el primer tramo, hasta <strong>El Recu\u00e9ncano <\/strong>(charco de La Garganta de Minchones) en coche, por lo que nos ahorramos m\u00e1s o menos la mitad. Desde aqu\u00ed, desde Minchones, empezamos la traves\u00eda a pie hasta llegar a las puertas de la finca privada que da acceso para llegar al Chorro de la Ventera sin tener que remontar garganta arriba. Algunos <strong>padres y ni&ntilde;os<\/strong> llegaron hasta aqu\u00ed en coche mientras otros optamos por andar un rato en una ma&ntilde;ana no especialmente calurosa pero con humedad en el ambiente.<\/p>\n<p><img loading=\"lazy\" decoding=\"async\" width=\"250\" height=\"190\" border=\"0\" align=\"left\" src=\"http:\/\/www.kodro.es\/blog\/wp-content\/rosaritodesdechorro.jpg\" alt=\"Vista desde El Chorro de la Ventera\" title=\"Vista desde El Chorro de la Ventera\" \/>Despu\u00e9s de un peque&ntilde;o almuerzo y unos tragos de vino retomamos el camino hacia <strong>La Garganta del Chorro<\/strong> por un estrecho pero transitable camino serrano. Explosi\u00f3n de vegetaci\u00f3n por todas partes, con olorosa <a title=\"Jara\" target=\"_blank\" href=\"http:\/\/es.wikipedia.org\/wiki\/Jara\">jara pringosa<\/a>, escobas con su espectacular flor amarillo inteso, pinos, encinas,&#8230;<\/p>\n<p>Desde larga distancia se empez\u00f3 a ver El Chorro (desde los cerros de Tarraces, en Miramontes, a la izquierda del R\u00edo Ti\u00e9tar y como a unos <strong>20 Kms.<\/strong> de distancia, puede verse en los d\u00edas claros de invierno o primavera, cuando m\u00e1s agua trae) al que llegamos ya con hambre y ganas de descansar. All\u00ed, al pie del salto de agua repusimos fuerzas. <\/p>\n<p><img loading=\"lazy\" decoding=\"async\" width=\"190\" height=\"250\" border=\"0\" align=\"right\" src=\"http:\/\/www.kodro.es\/blog\/wp-content\/chorroventera3.jpg\" alt=\"Chorro de la Ventera\" title=\"Chorro de la Ventera\" \/>Hubo quien opt\u00f3 por disfrutar de una siesta, del descanso o una amena tertulia y otros, a\u00fan con ganas de m\u00e1s, <strong>remontamos cascada arriba<\/strong> para llegar a su nacimiento donde pudimos admirar m\u00e1s charcos naturales y nueva vegetaci\u00f3n y fauna (una <a title=\"Cabra montesa\" target=\"_blank\" href=\"http:\/\/es.wikipedia.org\/wiki\/Cabra_mont%C3%A9s\">cabra montesa<\/a> nos cruz\u00f3 como una exhalaci\u00f3n mientras observ\u00e1bamos el precipicio desde arriba ante la sorpresa general). <\/p>\n<p>Bajamos de nuevo monte abajo a reunirnos con el grueso de la excursi\u00f3n que emprend\u00eda ya el camino regreso al pueblo&#8230; pero nosotros no, a\u00fan no dimos por finiquitado el d\u00eda y nos fuimos a visitar a los guardas y, tras descansar otro rato y cambiar de coche, a una casa serrana donde fuimos excelentemente recibidos y tratados, obsequiados con <strong>productos de matanza<\/strong> y el t\u00edpico <strong>vino de pitarra<\/strong> (elaboraci\u00f3n casera).<\/p>\n<p>Volvimos al pueblo cuando El Sol ya se rasgaba sobre La Sierra de <strong>Gredos<\/strong>, cansados pero (hablar\u00e9 por m\u00ed al menos) contentos y satisfechos de la jornada disfrutada.<\/p>\n<p>Espero <strong>repetir <\/strong>en no mucho tiempo. Me lo prometo. <\/p>\n","protected":false},"excerpt":{"rendered":"<p>El Chorro de la Ventera es un impresionante salto de 80 metros de altura (seg\u00fan dicen, a mi me parec\u00eda menos a ojo) que pertenece a La Garganta del Chorro, afluente de La Garganta de Minchones y que est\u00e1 situado &hellip; <a href=\"https:\/\/www.kodro.es\/blog\/2006\/05\/30\/el-chorro-de-la-ventera\/\">Sigue leyendo <span class=\"meta-nav\">&rarr;<\/span><\/a><\/p>\n","protected":false},"author":1,"featured_media":0,"comment_status":"open","ping_status":"open","sticky":false,"template":"","format":"standard","meta":{"ngg_post_thumbnail":0,"jetpack_post_was_ever_published":false,"_jetpack_newsletter_access":"","_jetpack_dont_email_post_to_subs":false,"_jetpack_newsletter_tier_id":0,"_jetpack_memberships_contains_paywalled_content":false,"_jetpack_memberships_contains_paid_content":false,"footnotes":"","jetpack_publicize_message":"","jetpack_publicize_feature_enabled":true,"jetpack_social_post_already_shared":false,"jetpack_social_options":{"image_generator_settings":{"template":"highway","default_image_id":0,"font":"","enabled":false},"version":2}},"categories":[7],"tags":[],"class_list":["post-32","post","type-post","status-publish","format-standard","hentry","category-madrigal-de-la-vera"],"jetpack_publicize_connections":[],"jetpack_featured_media_url":"","jetpack_shortlink":"https:\/\/wp.me\/p2PaDf-w","jetpack_sharing_enabled":true,"jetpack-related-posts":[],"_links":{"self":[{"href":"https:\/\/www.kodro.es\/blog\/wp-json\/wp\/v2\/posts\/32","targetHints":{"allow":["GET"]}}],"collection":[{"href":"https:\/\/www.kodro.es\/blog\/wp-json\/wp\/v2\/posts"}],"about":[{"href":"https:\/\/www.kodro.es\/blog\/wp-json\/wp\/v2\/types\/post"}],"author":[{"embeddable":true,"href":"https:\/\/www.kodro.es\/blog\/wp-json\/wp\/v2\/users\/1"}],"replies":[{"embeddable":true,"href":"https:\/\/www.kodro.es\/blog\/wp-json\/wp\/v2\/comments?post=32"}],"version-history":[{"count":0,"href":"https:\/\/www.kodro.es\/blog\/wp-json\/wp\/v2\/posts\/32\/revisions"}],"wp:attachment":[{"href":"https:\/\/www.kodro.es\/blog\/wp-json\/wp\/v2\/media?parent=32"}],"wp:term":[{"taxonomy":"category","embeddable":true,"href":"https:\/\/www.kodro.es\/blog\/wp-json\/wp\/v2\/categories?post=32"},{"taxonomy":"post_tag","embeddable":true,"href":"https:\/\/www.kodro.es\/blog\/wp-json\/wp\/v2\/tags?post=32"}],"curies":[{"name":"wp","href":"https:\/\/api.w.org\/{rel}","templated":true}]}}